{"id":858,"date":"2022-07-27T09:52:28","date_gmt":"2022-07-27T07:52:28","guid":{"rendered":"https:\/\/tusdesayunos.com\/blog\/?p=858"},"modified":"2022-07-27T09:52:28","modified_gmt":"2022-07-27T07:52:28","slug":"sorprende-este-verano-con-nuestra-cesta-de-frutas","status":"publish","type":"post","link":"https:\/\/tusdesayunos.com\/blog\/sorprende-este-verano-con-nuestra-cesta-de-frutas\/","title":{"rendered":"\u00a1Sorprende este Verano con nuestra cesta de frutas!"},"content":{"rendered":"<h1>\u00bfEres de los que no pierde sus buenas costumbres ni si quiera en vacaciones?<\/h1>\n<p>Todos nuestros desayunos est\u00e1n deseando sorprenderte tambi\u00e9n en tu destino de vacaciones. Sois much@s los que nos pregunt\u00e1is si en Verano tambi\u00e9n pod\u00e9is seguir sorprendiendo con nuestros desayunos y la respuesta es un SI \ud83d\ude42<\/p>\n<p>Si tienes alg\u00fan evento especial este Verano, cuenta con nosotros para sorprender con uno de nuestros deliciosos desayunos porque s\u00f3lo tienes que decirnos d\u00f3nde quieres que lo enviemos y all\u00ed estaremos.<\/p>\n<h2>Desayunos saludables y refrescantes para Verano<\/h2>\n<p>Claro que puedes seguir disfrutando de nuestros riqu\u00edsimos desayunos dulces y de chocolate pero en esta \u00e9poca, \u00bfQu\u00e9 mejor que empezar el d\u00eda con algo fresquito y que nos recargue de energ\u00eda?<\/p>\n<h3>\u00bfSab\u00edas que desayunar fruta por las ma\u00f1anas tiene muchos\u00a0 beneficios?<\/h3>\n<p>Desayunar fruta por las ma\u00f1anas es recomendable para todas las edades, desde los ni\u00f1os hasta los ancianos. La fruta es rica en un tipo de az\u00facar que el organismo asimila muy bien. es muy beneficiosa para el cerebro en esas primeras horas del d\u00eda.<\/p>\n<p>Piensa que este \u00f3rgano necesita casi el 20 % de nuestra energ\u00eda total, y que la\u00a0glucosa\u00a0es ese combustible esencial para realizar muchas de sus funciones b\u00e1sicas. La fruta es, pues, un alimento maravilloso para despejarnos por las ma\u00f1anas y que, adem\u00e1s,\u00a0<strong>nuestro est\u00f3mago digiere adecuadamente gracias a su contenido en fibra.<\/strong><\/p>\n<h3>Cesta de Frutas<\/h3>\n<p>Una<strong>\u00a0cesta de\u00a0Frutas,\u00a0<\/strong>toda una combinaci\u00f3n de sabores frescos y variados. Puedes a\u00f1adir m\u00e1s complementos a esta cesta en la secci\u00f3n <a title=\"A\u00f1ade m\u00e1s cosas a tu desayuno\" href=\"https:\/\/tusdesayunos.com\/19-complementos-para-tu-desayuno\">Complementos para tu desayuno.<\/a><\/p>\n<p><img loading=\"lazy\" class=\"aligncenter size-full wp-image-861\" src=\"https:\/\/tusdesayunos.com\/blog\/wp-content\/uploads\/2022\/07\/cesta-frutas-domicilio.jpg\" alt=\"\" width=\"800\" height=\"800\" srcset=\"https:\/\/tusdesayunos.com\/blog\/wp-content\/uploads\/2022\/07\/cesta-frutas-domicilio.jpg 800w, https:\/\/tusdesayunos.com\/blog\/wp-content\/uploads\/2022\/07\/cesta-frutas-domicilio-300x300.jpg 300w, https:\/\/tusdesayunos.com\/blog\/wp-content\/uploads\/2022\/07\/cesta-frutas-domicilio-150x150.jpg 150w, https:\/\/tusdesayunos.com\/blog\/wp-content\/uploads\/2022\/07\/cesta-frutas-domicilio-768x768.jpg 768w\" sizes=\"(max-width: 800px) 100vw, 800px\" \/><\/p>\n<p>Si quieres ser original con tu regalo, este Verano elige nuestra cesta de frutas para sorprender a esa persona especial y que empiece el d\u00eda de la mejor forma posible \ud83d\ude42<\/p>\n<p>Descubre toda nuestra variedad de\u00a0<a title=\"desayunos a domicilio \" href=\"https:\/\/tusdesayunos.com\/content\/9-envios-de-los-desayunos-a-domicilio-en-espana\" target=\"_blank\" rel=\"noopener\"><b>desayunos a domicilio<\/b><\/a>\u00a0y disfruta de un perfecto desayuno en casa, c\u00f3modo, sin prisas y tom\u00e1ndote tu tiempo para saborear estos peque\u00f1os placeres de la vida.<\/p>\n<p>&nbsp;<\/p>\n","protected":false},"excerpt":{"rendered":"<p>\u00bfEres de los que no pierde sus buenas costumbres ni si quiera en vacaciones? Todos nuestros desayunos est\u00e1n deseando sorprenderte tambi\u00e9n en tu destino de vacaciones. Sois much@s los que nos pregunt\u00e1is si en Verano tambi\u00e9n pod\u00e9is seguir sorprendiendo con nuestros desayunos y la respuesta es un SI \ud83d\ude42 Si tienes alg\u00fan evento especial este [&hellip;]<\/p>\n","protected":false},"author":1,"featured_media":862,"comment_status":"closed","ping_status":"open","sticky":false,"template":"","format":"standard","meta":[],"categories":[1],"tags":[110,111,109],"yoast_head":"<!-- This site is optimized with the Yoast SEO plugin v17.2 - https:\/\/yoast.com\/wordpress\/plugins\/seo\/ -->\n<meta name=\"description\" content=\"El desayuno m\u00e1s saludable y fresquito para el Verano en forma de cesta de frutas. Sorprende con nuestros deliciosos desayunos\" \/>\n<meta name=\"robots\" content=\"index, follow, max-snippet:-1, max-image-preview:large, max-video-preview:-1\" \/>\n<link rel=\"canonical\" href=\"https:\/\/tusdesayunos.com\/blog\/sorprende-este-verano-con-nuestra-cesta-de-frutas\/\" \/>\n<meta name=\"twitter:label1\" content=\"Escrito por\" \/>\n\t<meta name=\"twitter:data1\" content=\"mgrblog\" \/>\n\t<meta name=\"twitter:label2\" content=\"Tiempo de lectura\" \/>\n\t<meta name=\"twitter:data2\" content=\"1 minuto\" \/>\n<script type=\"application\/ld+json\" class=\"yoast-schema-graph\">{\"@context\":\"https:\/\/schema.org\",\"@graph\":[{\"@type\":\"WebSite\",\"@id\":\"https:\/\/tusdesayunos.com\/blog\/#website\",\"url\":\"https:\/\/tusdesayunos.com\/blog\/\",\"name\":\"Desayunos a domicilio\",\"description\":\"El blog de TusDesayunos.com\",\"potentialAction\":[{\"@type\":\"SearchAction\",\"target\":{\"@type\":\"EntryPoint\",\"urlTemplate\":\"https:\/\/tusdesayunos.com\/blog\/?s={search_term_string}\"},\"query-input\":\"required name=search_term_string\"}],\"inLanguage\":\"es\"},{\"@type\":\"ImageObject\",\"@id\":\"https:\/\/tusdesayunos.com\/blog\/sorprende-este-verano-con-nuestra-cesta-de-frutas\/#primaryimage\",\"inLanguage\":\"es\",\"url\":\"https:\/\/tusdesayunos.com\/blog\/wp-content\/uploads\/2022\/07\/Diselo-con-un-desayuno-4.png\",\"contentUrl\":\"https:\/\/tusdesayunos.com\/blog\/wp-content\/uploads\/2022\/07\/Diselo-con-un-desayuno-4.png\",\"width\":820,\"height\":312},{\"@type\":\"WebPage\",\"@id\":\"https:\/\/tusdesayunos.com\/blog\/sorprende-este-verano-con-nuestra-cesta-de-frutas\/#webpage\",\"url\":\"https:\/\/tusdesayunos.com\/blog\/sorprende-este-verano-con-nuestra-cesta-de-frutas\/\",\"name\":\"\\u00a1Sorprende este Verano con nuestra cesta de frutas! - Desayunos a domicilio\",\"isPartOf\":{\"@id\":\"https:\/\/tusdesayunos.com\/blog\/#website\"},\"primaryImageOfPage\":{\"@id\":\"https:\/\/tusdesayunos.com\/blog\/sorprende-este-verano-con-nuestra-cesta-de-frutas\/#primaryimage\"},\"datePublished\":\"2022-07-27T07:52:28+00:00\",\"dateModified\":\"2022-07-27T07:52:28+00:00\",\"author\":{\"@id\":\"https:\/\/tusdesayunos.com\/blog\/#\/schema\/person\/db7e6e5c9da46569f1f3419f29e4f7b4\"},\"description\":\"El desayuno m\\u00e1s saludable y fresquito para el Verano en forma de cesta de frutas. Sorprende con nuestros deliciosos desayunos\",\"breadcrumb\":{\"@id\":\"https:\/\/tusdesayunos.com\/blog\/sorprende-este-verano-con-nuestra-cesta-de-frutas\/#breadcrumb\"},\"inLanguage\":\"es\",\"potentialAction\":[{\"@type\":\"ReadAction\",\"target\":[\"https:\/\/tusdesayunos.com\/blog\/sorprende-este-verano-con-nuestra-cesta-de-frutas\/\"]}]},{\"@type\":\"BreadcrumbList\",\"@id\":\"https:\/\/tusdesayunos.com\/blog\/sorprende-este-verano-con-nuestra-cesta-de-frutas\/#breadcrumb\",\"itemListElement\":[{\"@type\":\"ListItem\",\"position\":1,\"name\":\"\\u00a1Sorprende este Verano con nuestra cesta de frutas!\"}]},{\"@type\":\"Person\",\"@id\":\"https:\/\/tusdesayunos.com\/blog\/#\/schema\/person\/db7e6e5c9da46569f1f3419f29e4f7b4\",\"name\":\"mgrblog\",\"image\":{\"@type\":\"ImageObject\",\"@id\":\"https:\/\/tusdesayunos.com\/blog\/#personlogo\",\"inLanguage\":\"es\",\"url\":\"https:\/\/secure.gravatar.com\/avatar\/5328ae317f3a5f24c54002fd783623d1?s=96&d=mm&r=g\",\"contentUrl\":\"https:\/\/secure.gravatar.com\/avatar\/5328ae317f3a5f24c54002fd783623d1?s=96&d=mm&r=g\",\"caption\":\"mgrblog\"}}]}<\/script>\n<!-- \/ Yoast SEO plugin. -->","yoast_head_json":{"description":"El desayuno m\u00e1s saludable y fresquito para el Verano en forma de cesta de frutas. Sorprende con nuestros deliciosos desayunos","robots":{"index":"index","follow":"follow","max-snippet":"max-snippet:-1","max-image-preview":"max-image-preview:large","max-video-preview":"max-video-preview:-1"},"canonical":"https:\/\/tusdesayunos.com\/blog\/sorprende-este-verano-con-nuestra-cesta-de-frutas\/","twitter_misc":{"Escrito por":"mgrblog","Tiempo de lectura":"1 minuto"},"schema":{"@context":"https:\/\/schema.org","@graph":[{"@type":"WebSite","@id":"https:\/\/tusdesayunos.com\/blog\/#website","url":"https:\/\/tusdesayunos.com\/blog\/","name":"Desayunos a domicilio","description":"El blog de TusDesayunos.com","potentialAction":[{"@type":"SearchAction","target":{"@type":"EntryPoint","urlTemplate":"https:\/\/tusdesayunos.com\/blog\/?s={search_term_string}"},"query-input":"required name=search_term_string"}],"inLanguage":"es"},{"@type":"ImageObject","@id":"https:\/\/tusdesayunos.com\/blog\/sorprende-este-verano-con-nuestra-cesta-de-frutas\/#primaryimage","inLanguage":"es","url":"https:\/\/tusdesayunos.com\/blog\/wp-content\/uploads\/2022\/07\/Diselo-con-un-desayuno-4.png","contentUrl":"https:\/\/tusdesayunos.com\/blog\/wp-content\/uploads\/2022\/07\/Diselo-con-un-desayuno-4.png","width":820,"height":312},{"@type":"WebPage","@id":"https:\/\/tusdesayunos.com\/blog\/sorprende-este-verano-con-nuestra-cesta-de-frutas\/#webpage","url":"https:\/\/tusdesayunos.com\/blog\/sorprende-este-verano-con-nuestra-cesta-de-frutas\/","name":"\u00a1Sorprende este Verano con nuestra cesta de frutas! - Desayunos a domicilio","isPartOf":{"@id":"https:\/\/tusdesayunos.com\/blog\/#website"},"primaryImageOfPage":{"@id":"https:\/\/tusdesayunos.com\/blog\/sorprende-este-verano-con-nuestra-cesta-de-frutas\/#primaryimage"},"datePublished":"2022-07-27T07:52:28+00:00","dateModified":"2022-07-27T07:52:28+00:00","author":{"@id":"https:\/\/tusdesayunos.com\/blog\/#\/schema\/person\/db7e6e5c9da46569f1f3419f29e4f7b4"},"description":"El desayuno m\u00e1s saludable y fresquito para el Verano en forma de cesta de frutas. Sorprende con nuestros deliciosos desayunos","breadcrumb":{"@id":"https:\/\/tusdesayunos.com\/blog\/sorprende-este-verano-con-nuestra-cesta-de-frutas\/#breadcrumb"},"inLanguage":"es","potentialAction":[{"@type":"ReadAction","target":["https:\/\/tusdesayunos.com\/blog\/sorprende-este-verano-con-nuestra-cesta-de-frutas\/"]}]},{"@type":"BreadcrumbList","@id":"https:\/\/tusdesayunos.com\/blog\/sorprende-este-verano-con-nuestra-cesta-de-frutas\/#breadcrumb","itemListElement":[{"@type":"ListItem","position":1,"name":"\u00a1Sorprende este Verano con nuestra cesta de frutas!"}]},{"@type":"Person","@id":"https:\/\/tusdesayunos.com\/blog\/#\/schema\/person\/db7e6e5c9da46569f1f3419f29e4f7b4","name":"mgrblog","image":{"@type":"ImageObject","@id":"https:\/\/tusdesayunos.com\/blog\/#personlogo","inLanguage":"es","url":"https:\/\/secure.gravatar.com\/avatar\/5328ae317f3a5f24c54002fd783623d1?s=96&d=mm&r=g","contentUrl":"https:\/\/secure.gravatar.com\/avatar\/5328ae317f3a5f24c54002fd783623d1?s=96&d=mm&r=g","caption":"mgrblog"}}]}},"_links":{"self":[{"href":"https:\/\/tusdesayunos.com\/blog\/wp-json\/wp\/v2\/posts\/858"}],"collection":[{"href":"https:\/\/tusdesayunos.com\/blog\/wp-json\/wp\/v2\/posts"}],"about":[{"href":"https:\/\/tusdesayunos.com\/blog\/wp-json\/wp\/v2\/types\/post"}],"author":[{"embeddable":true,"href":"https:\/\/tusdesayunos.com\/blog\/wp-json\/wp\/v2\/users\/1"}],"replies":[{"embeddable":true,"href":"https:\/\/tusdesayunos.com\/blog\/wp-json\/wp\/v2\/comments?post=858"}],"version-history":[{"count":2,"href":"https:\/\/tusdesayunos.com\/blog\/wp-json\/wp\/v2\/posts\/858\/revisions"}],"predecessor-version":[{"id":863,"href":"https:\/\/tusdesayunos.com\/blog\/wp-json\/wp\/v2\/posts\/858\/revisions\/863"}],"wp:featuredmedia":[{"embeddable":true,"href":"https:\/\/tusdesayunos.com\/blog\/wp-json\/wp\/v2\/media\/862"}],"wp:attachment":[{"href":"https:\/\/tusdesayunos.com\/blog\/wp-json\/wp\/v2\/media?parent=858"}],"wp:term":[{"taxonomy":"category","embeddable":true,"href":"https:\/\/tusdesayunos.com\/blog\/wp-json\/wp\/v2\/categories?post=858"},{"taxonomy":"post_tag","embeddable":true,"href":"https:\/\/tusdesayunos.com\/blog\/wp-json\/wp\/v2\/tags?post=858"}],"curies":[{"name":"wp","href":"https:\/\/api.w.org\/{rel}","templated":true}]}}